{"id":8207,"date":"2020-12-07T13:05:05","date_gmt":"2020-12-07T12:05:05","guid":{"rendered":"https:\/\/crlisboa.org\/wp\/?p=8207"},"modified":"2020-12-16T12:05:42","modified_gmt":"2020-12-16T11:05:42","slug":"arrendamento-para-fins-nao-habitacionais-e-os-regimes-transitorios","status":"publish","type":"post","link":"https:\/\/crlisboa.org\/wp\/2020\/12\/arrendamento-para-fins-nao-habitacionais-e-os-regimes-transitorios\/","title":{"rendered":"Arrendamento para Fins n\u00e3o Habitacionais e os Regimes Transit\u00f3rios"},"content":{"rendered":"<p>Confer\u00eancia On- Line<br \/>\nArrendamento para Fins n\u00e3o Habitacionais e os Regimes Transit\u00f3rios<br \/>\n<strong>11 de dezembro de 2020 \u00e0s 15h00<\/strong><\/p>\n<p><strong>Oradora<br \/>\n<\/strong>Iolanda Canelas Bastos<em> | Advogada e Assistente Convidada da Faculdade de Direito da Universidade de Lisboa <\/em><\/p>\n<div><b>Esta confer\u00eancia \u00e9 gratuita\u00a0 e destina-se exclusivamente a Advogados e Advogados Estagi\u00e1rios.<br \/>\n<\/b><b>Sem limite de inscri\u00e7\u00f5es<\/b><\/div>\n<div>\n<p><strong>Inscri\u00e7\u00f5es<\/strong><br \/>\n<strong>Advogados e Advogados Estagi\u00e1rios do CRLisboa com registo no\u00a0 Moodle<br \/>\n<a href=\"https:\/\/formacao.crlisboa.org\/enrol\/index.php?id=524\" target=\"_blank\" rel=\"noopener noreferrer\">https:\/\/formacao.crlisboa.org\/enrol\/index.php?id=524<\/a><br \/>\n<\/strong><\/p>\n<p><strong>Caso n\u00e3o tenha o registo do Moodle ou perten\u00e7a a outro Conselho Regional inscreva-se no seguinte formul\u00e1rio:<\/strong><\/p>\n\n<\/div>\n","protected":false},"excerpt":{"rendered":"<p>Confer\u00eancia On- Line<br \/>\nArrendamento para Fins n\u00e3o Habitacionais e os Regimes Transit\u00f3rios<br \/>\n11 de dezembro de 2020 \u00e0s 15h00<\/p>\n","protected":false},"author":2,"featured_media":8208,"comment_status":"closed","ping_status":"closed","sticky":false,"template":"","format":"standard","meta":{"_acf_changed":false,"footnotes":""},"categories":[5,33],"tags":[],"class_list":["post-8207","post","type-post","status-publish","format-standard","has-post-thumbnail","hentry","category-formacao","category-crl"],"acf":[],"_links":{"self":[{"href":"https:\/\/crlisboa.org\/wp\/wp-json\/wp\/v2\/posts\/8207","targetHints":{"allow":["GET"]}}],"collection":[{"href":"https:\/\/crlisboa.org\/wp\/wp-json\/wp\/v2\/posts"}],"about":[{"href":"https:\/\/crlisboa.org\/wp\/wp-json\/wp\/v2\/types\/post"}],"author":[{"embeddable":true,"href":"https:\/\/crlisboa.org\/wp\/wp-json\/wp\/v2\/users\/2"}],"replies":[{"embeddable":true,"href":"https:\/\/crlisboa.org\/wp\/wp-json\/wp\/v2\/comments?post=8207"}],"version-history":[{"count":3,"href":"https:\/\/crlisboa.org\/wp\/wp-json\/wp\/v2\/posts\/8207\/revisions"}],"predecessor-version":[{"id":8219,"href":"https:\/\/crlisboa.org\/wp\/wp-json\/wp\/v2\/posts\/8207\/revisions\/8219"}],"wp:featuredmedia":[{"embeddable":true,"href":"https:\/\/crlisboa.org\/wp\/wp-json\/wp\/v2\/media\/8208"}],"wp:attachment":[{"href":"https:\/\/crlisboa.org\/wp\/wp-json\/wp\/v2\/media?parent=8207"}],"wp:term":[{"taxonomy":"category","embeddable":true,"href":"https:\/\/crlisboa.org\/wp\/wp-json\/wp\/v2\/categories?post=8207"},{"taxonomy":"post_tag","embeddable":true,"href":"https:\/\/crlisboa.org\/wp\/wp-json\/wp\/v2\/tags?post=8207"}],"curies":[{"name":"wp","href":"https:\/\/api.w.org\/{rel}","templated":true}]}}