{"id":7908,"date":"2020-11-24T16:54:58","date_gmt":"2020-11-24T15:54:58","guid":{"rendered":"https:\/\/crlisboa.org\/wp\/?p=7908"},"modified":"2020-12-04T15:42:13","modified_gmt":"2020-12-04T14:42:13","slug":"as-rendas-dos-centros-comerciais-no-contexto-do-artigo-168o-a-5-da-lei-no-27-a-2020-de-24-de-julho","status":"publish","type":"post","link":"https:\/\/crlisboa.org\/wp\/2020\/11\/as-rendas-dos-centros-comerciais-no-contexto-do-artigo-168o-a-5-da-lei-no-27-a-2020-de-24-de-julho\/","title":{"rendered":"As Rendas dos Centros Comerciais no Contexto do Artigo 168\u00ba &#8211; A\/5 da Lei N\u00ba 27 A\/ 2020 de 24 de julho"},"content":{"rendered":"<p>Confer\u00eancia On- Line<br \/>\nAs Rendas dos Centros Comerciais no Contexto do Artigo 168\u00ba &#8211; A\/5 da Lei N\u00ba 27 A\/ 2020 de 24 de julho<br \/>\n<strong>3 de dezembro de 2020 \u00e0s 15h00<\/strong><\/p>\n<p><strong>Orador<br \/>\n<\/strong>Manuel Alexandre Henriques <em>| Advogado<\/em><\/p>\n<div><b>Esta confer\u00eancia \u00e9 gratuita\u00a0 e destina-se exclusivamente a Advogados e Advogados Estagi\u00e1rios.<br \/>\n<\/b><b>Sem limite de inscri\u00e7\u00f5es<\/b><\/div>\n<div>\n<p><strong>Inscri\u00e7\u00f5es<\/strong><br \/>\n<strong>Advogados e Advogados Estagi\u00e1rios do CRLisboa com registo no\u00a0 Moodle<br \/>\n<a href=\"https:\/\/formacao.crlisboa.org\/enrol\/index.php?id=522\" target=\"_blank\" rel=\"noopener noreferrer\">https:\/\/formacao.crlisboa.org\/enrol\/index.php?id=522<\/a><\/strong><\/p>\n<p><strong>Caso n\u00e3o tenha o registo do Moodle ou perten\u00e7a a outro Conselho Regional inscreva-se no seguinte formul\u00e1rio:<\/strong><\/p>\n\n<\/div>\n","protected":false},"excerpt":{"rendered":"<p>Confer\u00eancia On- Line<br \/>\nAs Rendas dos Centros Comerciais<br \/>\n3 de dezembro de 2020 \u00e0s 15h00<\/p>\n","protected":false},"author":2,"featured_media":7909,"comment_status":"closed","ping_status":"closed","sticky":false,"template":"","format":"standard","meta":{"_acf_changed":false,"footnotes":""},"categories":[5,33],"tags":[],"class_list":["post-7908","post","type-post","status-publish","format-standard","has-post-thumbnail","hentry","category-formacao","category-crl"],"acf":[],"_links":{"self":[{"href":"https:\/\/crlisboa.org\/wp\/wp-json\/wp\/v2\/posts\/7908","targetHints":{"allow":["GET"]}}],"collection":[{"href":"https:\/\/crlisboa.org\/wp\/wp-json\/wp\/v2\/posts"}],"about":[{"href":"https:\/\/crlisboa.org\/wp\/wp-json\/wp\/v2\/types\/post"}],"author":[{"embeddable":true,"href":"https:\/\/crlisboa.org\/wp\/wp-json\/wp\/v2\/users\/2"}],"replies":[{"embeddable":true,"href":"https:\/\/crlisboa.org\/wp\/wp-json\/wp\/v2\/comments?post=7908"}],"version-history":[{"count":3,"href":"https:\/\/crlisboa.org\/wp\/wp-json\/wp\/v2\/posts\/7908\/revisions"}],"predecessor-version":[{"id":7998,"href":"https:\/\/crlisboa.org\/wp\/wp-json\/wp\/v2\/posts\/7908\/revisions\/7998"}],"wp:featuredmedia":[{"embeddable":true,"href":"https:\/\/crlisboa.org\/wp\/wp-json\/wp\/v2\/media\/7909"}],"wp:attachment":[{"href":"https:\/\/crlisboa.org\/wp\/wp-json\/wp\/v2\/media?parent=7908"}],"wp:term":[{"taxonomy":"category","embeddable":true,"href":"https:\/\/crlisboa.org\/wp\/wp-json\/wp\/v2\/categories?post=7908"},{"taxonomy":"post_tag","embeddable":true,"href":"https:\/\/crlisboa.org\/wp\/wp-json\/wp\/v2\/tags?post=7908"}],"curies":[{"name":"wp","href":"https:\/\/api.w.org\/{rel}","templated":true}]}}