{"id":4550,"date":"2019-11-13T10:56:13","date_gmt":"2019-11-13T09:56:13","guid":{"rendered":"https:\/\/crlisboa.org\/wp\/?p=4550"},"modified":"2019-11-26T15:23:58","modified_gmt":"2019-11-26T14:23:58","slug":"ainda-algumas-questoes-da-nova-lei-do-arrendamento","status":"publish","type":"post","link":"https:\/\/crlisboa.org\/wp\/2019\/11\/ainda-algumas-questoes-da-nova-lei-do-arrendamento\/","title":{"rendered":"Ainda Algumas Quest\u00f5es da Nova Lei do Arrendamento"},"content":{"rendered":"<p>26 de novembro de 2019 \u00e0s 17h30<br \/>\nLocal | Pal\u00e1cio Marqueses da Praia e Monforte \u2013 Estrada Nacional 8, Loures\u00a0 &gt;&gt;&gt; <a href=\"https:\/\/goo.gl\/maps\/iNUAGRmVMFB2\" target=\"_blank\" rel=\"noopener noreferrer\">Google Maps<\/a><\/p>\n<p><strong>Abertura e Encerramento<br \/>\n<\/strong>Jo\u00e3o Massano\u00a0 | <em>Vice-Presidente do Conselho Regional de Lisboa<br \/>\n<\/em>Carlos Malheiro <em>| Presidente da Delega\u00e7\u00e3o de Loures<br \/>\n<\/em><\/p>\n<p><strong>Oradores<\/strong><br \/>\nRegina Santos Pereira<em> | Advogada e Formadora do Conselho Regional de Lisboa<br \/>\n<\/em>Ant\u00f3nio Marques Baptista<em> | Advogado e Formador do Conselho Regional de Lisboa<br \/>\n<\/em><em><br \/>\n<\/em><\/p>\n<hr \/>\n<p><strong>Inscri\u00e7\u00f5es<\/strong>: <a href=\"mailto:loures@del.oa.pt\" target=\"_blank\" rel=\"noopener noreferrer\">loures@del.oa.pt<\/a><\/p>\n<p>Entrada Gratuita sujeita a inscri\u00e7\u00e3o pr\u00e9via<strong><br \/>\n<\/strong><\/p>\n","protected":false},"excerpt":{"rendered":"<p>26 de novembro de 2019 \u00e0s 17h30<br \/>\nLocal | Pal\u00e1cio Marqueses da Praia e Monforte<\/p>\n","protected":false},"author":2,"featured_media":1343,"comment_status":"closed","ping_status":"closed","sticky":false,"template":"","format":"standard","meta":{"_acf_changed":false,"footnotes":""},"categories":[5,10,19,53],"tags":[],"class_list":["post-4550","post","type-post","status-publish","format-standard","has-post-thumbnail","hentry","category-formacao","category-delegacoes","category-loures","category-arquivo"],"acf":[],"_links":{"self":[{"href":"https:\/\/crlisboa.org\/wp\/wp-json\/wp\/v2\/posts\/4550","targetHints":{"allow":["GET"]}}],"collection":[{"href":"https:\/\/crlisboa.org\/wp\/wp-json\/wp\/v2\/posts"}],"about":[{"href":"https:\/\/crlisboa.org\/wp\/wp-json\/wp\/v2\/types\/post"}],"author":[{"embeddable":true,"href":"https:\/\/crlisboa.org\/wp\/wp-json\/wp\/v2\/users\/2"}],"replies":[{"embeddable":true,"href":"https:\/\/crlisboa.org\/wp\/wp-json\/wp\/v2\/comments?post=4550"}],"version-history":[{"count":5,"href":"https:\/\/crlisboa.org\/wp\/wp-json\/wp\/v2\/posts\/4550\/revisions"}],"predecessor-version":[{"id":4640,"href":"https:\/\/crlisboa.org\/wp\/wp-json\/wp\/v2\/posts\/4550\/revisions\/4640"}],"wp:featuredmedia":[{"embeddable":true,"href":"https:\/\/crlisboa.org\/wp\/wp-json\/wp\/v2\/media\/1343"}],"wp:attachment":[{"href":"https:\/\/crlisboa.org\/wp\/wp-json\/wp\/v2\/media?parent=4550"}],"wp:term":[{"taxonomy":"category","embeddable":true,"href":"https:\/\/crlisboa.org\/wp\/wp-json\/wp\/v2\/categories?post=4550"},{"taxonomy":"post_tag","embeddable":true,"href":"https:\/\/crlisboa.org\/wp\/wp-json\/wp\/v2\/tags?post=4550"}],"curies":[{"name":"wp","href":"https:\/\/api.w.org\/{rel}","templated":true}]}}