{"id":3209,"date":"2019-05-02T12:07:37","date_gmt":"2019-05-02T11:07:37","guid":{"rendered":"https:\/\/crlisboa.org\/wp\/?p=3209"},"modified":"2019-05-23T15:45:25","modified_gmt":"2019-05-23T14:45:25","slug":"7o-curso-de-verao-de-direito-da-insolvencia-e-da-recuperacao-de-empresas","status":"publish","type":"post","link":"https:\/\/crlisboa.org\/wp\/2019\/05\/7o-curso-de-verao-de-direito-da-insolvencia-e-da-recuperacao-de-empresas\/","title":{"rendered":"7\u00ba Curso de Ver\u00e3o de Direito da Insolv\u00eancia e da Recupera\u00e7\u00e3o de Empresas"},"content":{"rendered":"<p>De 15 de junho a 13 de julho de 2019 das 10h00 \u00e0s 13h00 e das 14h30 \u00e0s 17h30<br \/>\nLocal | Faculdade de Direito da Universidade de Coimbra<\/p>\n<p><span style=\"color: #800000;\"><strong>Formadores<\/strong><\/span><br \/>\nProf. Doutor Soveral Martins<br \/>\nDr Pedro Pidwell<br \/>\nMestre Jo\u00e3o Labareda<br \/>\nMestre Jo\u00e3o Labareda<br \/>\nDr. David Sequeira Dinis<br \/>\nProf. Doutora Susana Aires de Sousa<br \/>\nMestre Jo\u00e3o Labareda<br \/>\nMestre Jo\u00e3o Labareda<br \/>\nProf. Dra. Maria do Ros\u00e1rio Epif\u00e2nio<br \/>\nProf. Doutora Carolina Cunha<\/p>\n<p><a href=\"http:\/\/idet.fd.uc.pt\/accao.asp?id=84\" target=\"_blank\" rel=\"noopener noreferrer\">Mais informa\u00e7\u00f5es<\/a><\/p>\n<hr \/>\n<p><strong>Valor<\/strong><\/p>\n<p>320\u20ac Isento de IVA<\/p>\n<p>Pela inscri\u00e7\u00e3o no Curso \u00e9 devida uma propina \u00fanica de 320 euros a pagar na data da inscri\u00e7\u00e3o. Esta propina ser\u00e1 de 280 euros para advogados e administradores judiciais e 250 euros para ex-alunos do IDET.<br \/>\nPAGAMENTOS POR TRANSFER\u00caNCIA BANC\u00c1RIA PARA NIB: 001000004612186000169 (BPI)<\/p>\n","protected":false},"excerpt":{"rendered":"<p>De 15 de junho a 13 de julho de 2019 das 10h00 \u00e0s 13h00 e das 14h30 \u00e0s 17h30<br \/>\nLocal | Faculdade de Direito da Universidade de Coimbra<\/p>\n","protected":false},"author":2,"featured_media":3206,"comment_status":"closed","ping_status":"closed","sticky":false,"template":"","format":"standard","meta":{"_acf_changed":false,"footnotes":""},"categories":[53],"tags":[],"class_list":["post-3209","post","type-post","status-publish","format-standard","has-post-thumbnail","hentry","category-arquivo"],"acf":[],"_links":{"self":[{"href":"https:\/\/crlisboa.org\/wp\/wp-json\/wp\/v2\/posts\/3209","targetHints":{"allow":["GET"]}}],"collection":[{"href":"https:\/\/crlisboa.org\/wp\/wp-json\/wp\/v2\/posts"}],"about":[{"href":"https:\/\/crlisboa.org\/wp\/wp-json\/wp\/v2\/types\/post"}],"author":[{"embeddable":true,"href":"https:\/\/crlisboa.org\/wp\/wp-json\/wp\/v2\/users\/2"}],"replies":[{"embeddable":true,"href":"https:\/\/crlisboa.org\/wp\/wp-json\/wp\/v2\/comments?post=3209"}],"version-history":[{"count":4,"href":"https:\/\/crlisboa.org\/wp\/wp-json\/wp\/v2\/posts\/3209\/revisions"}],"predecessor-version":[{"id":3215,"href":"https:\/\/crlisboa.org\/wp\/wp-json\/wp\/v2\/posts\/3209\/revisions\/3215"}],"wp:featuredmedia":[{"embeddable":true,"href":"https:\/\/crlisboa.org\/wp\/wp-json\/wp\/v2\/media\/3206"}],"wp:attachment":[{"href":"https:\/\/crlisboa.org\/wp\/wp-json\/wp\/v2\/media?parent=3209"}],"wp:term":[{"taxonomy":"category","embeddable":true,"href":"https:\/\/crlisboa.org\/wp\/wp-json\/wp\/v2\/categories?post=3209"},{"taxonomy":"post_tag","embeddable":true,"href":"https:\/\/crlisboa.org\/wp\/wp-json\/wp\/v2\/tags?post=3209"}],"curies":[{"name":"wp","href":"https:\/\/api.w.org\/{rel}","templated":true}]}}