{"id":26601,"date":"2026-02-13T17:03:44","date_gmt":"2026-02-13T17:03:44","guid":{"rendered":"https:\/\/crlisboa.org\/wp\/?p=26601"},"modified":"2026-03-06T10:38:22","modified_gmt":"2026-03-06T10:38:22","slug":"a-viagem-dos-100-anos-uma-experiencia-imersiva-nova-data","status":"publish","type":"post","link":"https:\/\/crlisboa.org\/wp\/2026\/02\/a-viagem-dos-100-anos-uma-experiencia-imersiva-nova-data\/","title":{"rendered":"A Viagem dos 100 anos | Uma experi\u00eancia imersiva  [NOVA DATA]"},"content":{"rendered":"<p>&nbsp;<\/p>\n<p><img fetchpriority=\"high\" decoding=\"async\" class=\"aligncenter wp-image-26256 size-large\" src=\"https:\/\/crlisboa.org\/wp\/wp-content\/uploads\/2026\/01\/Viagem-dos-100-anos-1024x183.png\" alt=\"\" width=\"960\" height=\"172\" srcset=\"https:\/\/crlisboa.org\/wp\/wp-content\/uploads\/2026\/01\/Viagem-dos-100-anos-1024x183.png 1024w, https:\/\/crlisboa.org\/wp\/wp-content\/uploads\/2026\/01\/Viagem-dos-100-anos-300x54.png 300w, https:\/\/crlisboa.org\/wp\/wp-content\/uploads\/2026\/01\/Viagem-dos-100-anos-768x137.png 768w, https:\/\/crlisboa.org\/wp\/wp-content\/uploads\/2026\/01\/Viagem-dos-100-anos.png 1400w\" sizes=\"(max-width: 960px) 100vw, 960px\" \/><\/p>\n<p style=\"text-align: center;\"><strong><span style=\"color: #d7974d;\">A Viagem dos 100 anos\u00a0 &#8211; Uma experi\u00eancia imersiva<\/span><\/strong><\/p>\n<p>Face \u00e0 expressiva ades\u00e3o \u00e0 iniciativa \u201cA Viagem dos 100 Anos | Uma Experi\u00eancia Imersiva\u201d \u2014 cujos bilhetes esgotaram muito rapidamente \u2014 e atendendo aos muitos Colegas que n\u00e3o conseguiram garantir o seu lugar, o Conselho Regional de Lisboa decidiu promover uma <strong>2.\u00aa edi\u00e7\u00e3o, a realizar no pr\u00f3ximo dia 5 de mar\u00e7o, pelas 21h00.<\/strong><\/p>\n<p>Com esta nova data, o CRL reafirma o seu compromisso de proporcionar a todos os Colegas que assim o desejem a oportunidade de participar e vivenciar esta experi\u00eancia \u00fanica.<\/p>\n<p>Percorra 100 anos de hist\u00f3ria e viva os momentos mais marcantes da Ordem dos Advogados, numa experi\u00eancia teatral \u00fanica. Ir\u00e1 interagir com enigm\u00e1ticas personagens e mergulhar numa viagem no tempo que promete emocionar e inspirar para o futuro.<\/p>\n<p><strong>Data<\/strong> 5 de mar\u00e7o, \u00e0s 21h00<br \/>\n<strong>Local<\/strong>: Hospital Militar da Estrela<br \/>\nRua Santo Ant\u00f3nio \u00e0 Estrela, 25 A 1350-291 Lisboa<\/p>\n<p><strong>Inscri\u00e7\u00f5es na <a href=\"https:\/\/www.ticketline.pt\/evento\/101370\" target=\"_blank\" rel=\"noopener\">Ticketline<\/a><br \/>\n<\/strong><br \/>\n<strong>Valor da Inscri\u00e7\u00e3o<\/strong>: 30\u20ac<\/p>\n<p><strong>Mais informa\u00e7\u00f5es<\/strong> atrav\u00e9s do email <a href=\"mailto:aviagemdos100anos@crlisboa.org\" target=\"_blank\" rel=\"noopener\">aviagemdos100anos@crlisboa.org<\/a> ou no site <a href=\"https:\/\/crlisboa.org\/wp\/2026\/01\/a-viagem-dos-100-anos\/\" target=\"_blank\" rel=\"noopener\">crlisboa.org<\/a><\/p>\n<p><strong>Inscri\u00e7\u00f5es limitadas \u00e0s vagas dispon\u00edveis.<\/strong><\/p>\n<p><strong>Aviso legal<\/strong><br \/>\n<em>No \u00e2mbito da realiza\u00e7\u00e3o da pe\u00e7a \u201cA Viagem dos 100 Anos \u2013 Uma Experi\u00eancia Imersiva\u201d, poder\u00e3o ser captadas imagens e\/ou sons dos participantes, designadamente fotografia e v\u00eddeo, para efeitos de registo, comunica\u00e7\u00e3o institucional e divulga\u00e7\u00e3o da iniciativa, em suportes f\u00edsicos e digitais.<\/em><br \/>\n<em>Ao efetuar a inscri\u00e7\u00e3o e ao participar no evento, o participante autoriza, de forma gratuita, a utiliza\u00e7\u00e3o da sua imagem e voz para os fins acima referidos, sem limite territorial ou temporal. Caso n\u00e3o autorize a capta\u00e7\u00e3o ou utiliza\u00e7\u00e3o da sua imagem, dever\u00e1 comunic\u00e1-lo previamente \u00e0 organiza\u00e7\u00e3o.<\/em><\/p>\n<p>&nbsp;<\/p>\n","protected":false},"excerpt":{"rendered":"<p>5 de mar\u00e7o, \u00e0s 21h00<br \/>\nA Viagem dos 100 anos\u00a0 &#8211; Uma experi\u00eancia imersiva<br \/>\nLocal: Hospital Militar da Estrela<br \/>\nRua Santo Ant\u00f3nio \u00e0 Estrela, 25 A 1350-291 Lisboa<\/p>\n","protected":false},"author":2,"featured_media":26300,"comment_status":"closed","ping_status":"closed","sticky":false,"template":"","format":"standard","meta":{"_acf_changed":false,"footnotes":""},"categories":[53],"tags":[],"class_list":["post-26601","post","type-post","status-publish","format-standard","has-post-thumbnail","hentry","category-arquivo"],"acf":[],"_links":{"self":[{"href":"https:\/\/crlisboa.org\/wp\/wp-json\/wp\/v2\/posts\/26601","targetHints":{"allow":["GET"]}}],"collection":[{"href":"https:\/\/crlisboa.org\/wp\/wp-json\/wp\/v2\/posts"}],"about":[{"href":"https:\/\/crlisboa.org\/wp\/wp-json\/wp\/v2\/types\/post"}],"author":[{"embeddable":true,"href":"https:\/\/crlisboa.org\/wp\/wp-json\/wp\/v2\/users\/2"}],"replies":[{"embeddable":true,"href":"https:\/\/crlisboa.org\/wp\/wp-json\/wp\/v2\/comments?post=26601"}],"version-history":[{"count":1,"href":"https:\/\/crlisboa.org\/wp\/wp-json\/wp\/v2\/posts\/26601\/revisions"}],"predecessor-version":[{"id":26603,"href":"https:\/\/crlisboa.org\/wp\/wp-json\/wp\/v2\/posts\/26601\/revisions\/26603"}],"wp:featuredmedia":[{"embeddable":true,"href":"https:\/\/crlisboa.org\/wp\/wp-json\/wp\/v2\/media\/26300"}],"wp:attachment":[{"href":"https:\/\/crlisboa.org\/wp\/wp-json\/wp\/v2\/media?parent=26601"}],"wp:term":[{"taxonomy":"category","embeddable":true,"href":"https:\/\/crlisboa.org\/wp\/wp-json\/wp\/v2\/categories?post=26601"},{"taxonomy":"post_tag","embeddable":true,"href":"https:\/\/crlisboa.org\/wp\/wp-json\/wp\/v2\/tags?post=26601"}],"curies":[{"name":"wp","href":"https:\/\/api.w.org\/{rel}","templated":true}]}}