{"id":26114,"date":"2026-01-13T08:44:33","date_gmt":"2026-01-13T08:44:33","guid":{"rendered":"https:\/\/crlisboa.org\/wp\/?p=26114"},"modified":"2026-01-21T17:13:52","modified_gmt":"2026-01-21T17:13:52","slug":"exposicao-de-pintura-de-rui-bras","status":"publish","type":"post","link":"https:\/\/crlisboa.org\/wp\/2026\/01\/exposicao-de-pintura-de-rui-bras\/","title":{"rendered":"Exposi\u00e7\u00e3o de Pintura de Rui Br\u00e1s"},"content":{"rendered":"<p>No dia 15 de janeiro, pelas 17h30, tem lugar na galeria de arte do Conselho Regional de Lisboa, a inaugura\u00e7\u00e3o da exposi\u00e7\u00e3o de pintura de Rui Br\u00e1s. A exposi\u00e7\u00e3o que est\u00e1 patente at\u00e9 20 de fevereiro, pode ser visitada entre as 10h00 e as 12h30 e as 14h00 e as 17h00.<\/p>\n<p>&nbsp;<\/p>\n","protected":false},"excerpt":{"rendered":"<p>No dia 15 de janeiro, pelas 17h30, tem lugar na galeria de arte do Conselho Regional de Lisboa, a inaugura\u00e7\u00e3o da exposi\u00e7\u00e3o de pintura de Rui Br\u00e1s.<\/p>\n","protected":false},"author":2,"featured_media":26116,"comment_status":"closed","ping_status":"closed","sticky":false,"template":"","format":"standard","meta":{"_acf_changed":false,"footnotes":""},"categories":[53],"tags":[],"class_list":["post-26114","post","type-post","status-publish","format-standard","has-post-thumbnail","hentry","category-arquivo"],"acf":[],"_links":{"self":[{"href":"https:\/\/crlisboa.org\/wp\/wp-json\/wp\/v2\/posts\/26114","targetHints":{"allow":["GET"]}}],"collection":[{"href":"https:\/\/crlisboa.org\/wp\/wp-json\/wp\/v2\/posts"}],"about":[{"href":"https:\/\/crlisboa.org\/wp\/wp-json\/wp\/v2\/types\/post"}],"author":[{"embeddable":true,"href":"https:\/\/crlisboa.org\/wp\/wp-json\/wp\/v2\/users\/2"}],"replies":[{"embeddable":true,"href":"https:\/\/crlisboa.org\/wp\/wp-json\/wp\/v2\/comments?post=26114"}],"version-history":[{"count":2,"href":"https:\/\/crlisboa.org\/wp\/wp-json\/wp\/v2\/posts\/26114\/revisions"}],"predecessor-version":[{"id":26118,"href":"https:\/\/crlisboa.org\/wp\/wp-json\/wp\/v2\/posts\/26114\/revisions\/26118"}],"wp:featuredmedia":[{"embeddable":true,"href":"https:\/\/crlisboa.org\/wp\/wp-json\/wp\/v2\/media\/26116"}],"wp:attachment":[{"href":"https:\/\/crlisboa.org\/wp\/wp-json\/wp\/v2\/media?parent=26114"}],"wp:term":[{"taxonomy":"category","embeddable":true,"href":"https:\/\/crlisboa.org\/wp\/wp-json\/wp\/v2\/categories?post=26114"},{"taxonomy":"post_tag","embeddable":true,"href":"https:\/\/crlisboa.org\/wp\/wp-json\/wp\/v2\/tags?post=26114"}],"curies":[{"name":"wp","href":"https:\/\/api.w.org\/{rel}","templated":true}]}}