{"id":25149,"date":"2025-09-01T10:39:07","date_gmt":"2025-09-01T09:39:07","guid":{"rendered":"https:\/\/crlisboa.org\/wp\/?p=25149"},"modified":"2025-10-08T09:57:03","modified_gmt":"2025-10-08T08:57:03","slug":"gestao-de-sociedades-de-advogados-5","status":"publish","type":"post","link":"https:\/\/crlisboa.org\/wp\/2025\/09\/gestao-de-sociedades-de-advogados-5\/","title":{"rendered":"Gest\u00e3o de Sociedades de Advogados"},"content":{"rendered":"<p><strong>Gest\u00e3o de Sociedades de Advogados<\/strong><br \/>\n7, 14, 21 e 28 de outubro de 2025 das 17h00 \u00e0s 21h00<br \/>\nFormador: Rui Mexia de Azeredo<br \/>\nLocal:<span dir=\"ltr\" role=\"presentation\"> Conselho Regional de Lisboa, Rua dos Anjos, n\u00ba 79<\/span><\/p>\n<p><strong>Organiza\u00e7\u00e3o<\/strong>: RULE Consulting Services em parceria com o Conselho Regional de Lisboa da Ordem dos Advogados<\/p>\n<p>Curso executivo de 16 horas em hor\u00e1rio p\u00f3s laboral, repartido em quatro sess\u00f5es<\/p>\n<p>As inscri\u00e7\u00f5es, limitadas a 25 participantes, s\u00e3o formalizadas atrav\u00e9s do preenchimento da ficha de inscri\u00e7\u00e3o e do seu envio para\u00a0<a class=\"moz-txt-link-freetext\" href=\"mailto:geral@rule.pt\" target=\"_blank\" rel=\"noopener\">geral@rule.pt<\/a> . Dados para emiss\u00e3o de recibo e respetivo comprovativo de pagamento para o IBAN: PT50 0010 0000 5887 4020 0016 6<\/p>\n<p><strong>Taxa de Inscri\u00e7\u00e3o<\/strong><br \/>\n750\u20ac<br \/>\nPre\u00e7o early bird at\u00e9 10 Setembro 600\u20ac<\/p>\n<p><a href=\"https:\/\/crlisboa.org\/wp\/wp-content\/uploads\/2025\/09\/Programa-de-Formacao-Gestao-de-Sociedades-de-Advogados-2025-1.pdf\">Programa de Formac\u0327a\u0303o Gesta\u0303o de Sociedades de Advogados 2025<\/a><\/p>\n<p><a href=\"https:\/\/crlisboa.org\/wp\/wp-content\/uploads\/2025\/09\/Flyer-2025.pdf\">Flyer<\/a><\/p>\n<p>&nbsp;<\/p>\n","protected":false},"excerpt":{"rendered":"<p>Gest\u00e3o de Sociedades de Advogados<br \/>\n7, 14, 21 e 28 de outubro de 2025 das 17h00 \u00e0s 21h00<br \/>\nLocal: Sede do Conselho Regional de Lisboa<\/p>\n","protected":false},"author":2,"featured_media":25152,"comment_status":"closed","ping_status":"closed","sticky":false,"template":"","format":"standard","meta":{"_acf_changed":false,"footnotes":""},"categories":[5,11,53],"tags":[],"class_list":["post-25149","post","type-post","status-publish","format-standard","has-post-thumbnail","hentry","category-formacao","category-parceria","category-arquivo"],"acf":[],"_links":{"self":[{"href":"https:\/\/crlisboa.org\/wp\/wp-json\/wp\/v2\/posts\/25149","targetHints":{"allow":["GET"]}}],"collection":[{"href":"https:\/\/crlisboa.org\/wp\/wp-json\/wp\/v2\/posts"}],"about":[{"href":"https:\/\/crlisboa.org\/wp\/wp-json\/wp\/v2\/types\/post"}],"author":[{"embeddable":true,"href":"https:\/\/crlisboa.org\/wp\/wp-json\/wp\/v2\/users\/2"}],"replies":[{"embeddable":true,"href":"https:\/\/crlisboa.org\/wp\/wp-json\/wp\/v2\/comments?post=25149"}],"version-history":[{"count":11,"href":"https:\/\/crlisboa.org\/wp\/wp-json\/wp\/v2\/posts\/25149\/revisions"}],"predecessor-version":[{"id":25309,"href":"https:\/\/crlisboa.org\/wp\/wp-json\/wp\/v2\/posts\/25149\/revisions\/25309"}],"wp:featuredmedia":[{"embeddable":true,"href":"https:\/\/crlisboa.org\/wp\/wp-json\/wp\/v2\/media\/25152"}],"wp:attachment":[{"href":"https:\/\/crlisboa.org\/wp\/wp-json\/wp\/v2\/media?parent=25149"}],"wp:term":[{"taxonomy":"category","embeddable":true,"href":"https:\/\/crlisboa.org\/wp\/wp-json\/wp\/v2\/categories?post=25149"},{"taxonomy":"post_tag","embeddable":true,"href":"https:\/\/crlisboa.org\/wp\/wp-json\/wp\/v2\/tags?post=25149"}],"curies":[{"name":"wp","href":"https:\/\/api.w.org\/{rel}","templated":true}]}}