{"id":1896,"date":"2019-01-14T16:45:43","date_gmt":"2019-01-14T15:45:43","guid":{"rendered":"https:\/\/crlisboa.org\/wp\/?p=1896"},"modified":"2019-01-21T16:47:47","modified_gmt":"2019-01-21T15:47:47","slug":"1896","status":"publish","type":"post","link":"https:\/\/crlisboa.org\/wp\/2019\/01\/1896\/","title":{"rendered":"Workshop Citius"},"content":{"rendered":"<p>24 e 31 de janeiro de 2019 das 14h00 \u00e0s 18h00<br \/>\nLocal | Conselho Regional de Lisboa \u2013 Rua dos Anjos, n\u00ba 79 Lisboa\u00a0 &gt;&gt;&gt;\u00a0<a href=\"https:\/\/goo.gl\/maps\/8J28ZeuH8S42\" target=\"_blank\" rel=\"noopener\">Google Maps<\/a><\/p>\n<p><span style=\"color: #800000;\"><strong>Oradora<\/strong><\/span><br \/>\nDra. C\u00e1tia Marisa Gaspar | <em>Advogada<\/em><\/p>\n<hr \/>\n<p><strong>Inscri\u00e7\u00f5es<\/strong><br \/>\nAdvogados e Outros Profissionais |\u00a0<a href=\"mailto:centro.estudos@crl.oa.pt\" target=\"_blank\" rel=\"noopener\">centro.estudos@crl.oa.pt<\/a><br \/>\nAdvogados Estagi\u00e1rios |\u00a0<a href=\"https:\/\/formacao.crlisboa.org\/enrol\/index.php?id=194\" target=\"_blank\" rel=\"noopener\">formacao.crlisboa.org<\/a><\/p>\n<p><strong>Taxa de Inscri\u00e7\u00e3o<\/strong><br \/>\nAdvogados e Advogados Estagi\u00e1rios : Entrada gratuita sujeita a inscri\u00e7\u00e3o pr\u00e9via<br \/>\nOutros Profissionais : 25\u20ac00<\/p>\n","protected":false},"excerpt":{"rendered":"<p>24 e 31 de janeiro de 2019 das 14h00 \u00e0s 18h00<br \/>\nLocal | Conselho Regional de Lisboa<br \/>\nESGOTADO<\/p>\n","protected":false},"author":2,"featured_media":1897,"comment_status":"closed","ping_status":"closed","sticky":false,"template":"","format":"standard","meta":{"_acf_changed":false,"footnotes":""},"categories":[5,33,53],"tags":[],"class_list":["post-1896","post","type-post","status-publish","format-standard","has-post-thumbnail","hentry","category-formacao","category-crl","category-arquivo"],"acf":[],"_links":{"self":[{"href":"https:\/\/crlisboa.org\/wp\/wp-json\/wp\/v2\/posts\/1896","targetHints":{"allow":["GET"]}}],"collection":[{"href":"https:\/\/crlisboa.org\/wp\/wp-json\/wp\/v2\/posts"}],"about":[{"href":"https:\/\/crlisboa.org\/wp\/wp-json\/wp\/v2\/types\/post"}],"author":[{"embeddable":true,"href":"https:\/\/crlisboa.org\/wp\/wp-json\/wp\/v2\/users\/2"}],"replies":[{"embeddable":true,"href":"https:\/\/crlisboa.org\/wp\/wp-json\/wp\/v2\/comments?post=1896"}],"version-history":[{"count":9,"href":"https:\/\/crlisboa.org\/wp\/wp-json\/wp\/v2\/posts\/1896\/revisions"}],"predecessor-version":[{"id":1982,"href":"https:\/\/crlisboa.org\/wp\/wp-json\/wp\/v2\/posts\/1896\/revisions\/1982"}],"wp:featuredmedia":[{"embeddable":true,"href":"https:\/\/crlisboa.org\/wp\/wp-json\/wp\/v2\/media\/1897"}],"wp:attachment":[{"href":"https:\/\/crlisboa.org\/wp\/wp-json\/wp\/v2\/media?parent=1896"}],"wp:term":[{"taxonomy":"category","embeddable":true,"href":"https:\/\/crlisboa.org\/wp\/wp-json\/wp\/v2\/categories?post=1896"},{"taxonomy":"post_tag","embeddable":true,"href":"https:\/\/crlisboa.org\/wp\/wp-json\/wp\/v2\/tags?post=1896"}],"curies":[{"name":"wp","href":"https:\/\/api.w.org\/{rel}","templated":true}]}}