{"id":10048,"date":"2021-04-06T10:41:39","date_gmt":"2021-04-06T09:41:39","guid":{"rendered":"https:\/\/crlisboa.org\/wp\/?p=10048"},"modified":"2021-04-06T10:48:03","modified_gmt":"2021-04-06T09:48:03","slug":"curso-sobre-direito-processual-14-de-abril","status":"publish","type":"post","link":"https:\/\/crlisboa.org\/wp\/2021\/04\/curso-sobre-direito-processual-14-de-abril\/","title":{"rendered":"Curso sobre Direito Processual | 14 de abrl"},"content":{"rendered":"<p><strong>Curso on line<\/strong><br \/>\nCurso sobre Direito Processual<br \/>\n17, 24 de fevereiro e 3, 10, 17, 24 de mar\u00e7o, 6,\u00a0 7, 13 e 21 de abril e 5 de maio de 2021 \u00e0s 15h00<\/p>\n<p><strong><span style=\"color: #800000;\">Coordena\u00e7\u00e3o Executiva<\/span><\/strong><br \/>\nJo\u00e3o Massano | <em>Presidente do Conselho Regional de Lisboa<\/em><br \/>\n<span style=\"color: #800000;\"><strong><br \/>\nCoordena\u00e7\u00e3o Cient\u00edfica<\/strong><\/span><br \/>\nAna Alface | <em>Advogada e Presidente do Centro de Est\u00e1gio<\/em><\/p>\n<p><strong><span style=\"color: #800000;\">Programa<\/span><\/strong><\/p>\n<p><strong>5\u00ba M\u00d3DULO\u00a0 | PROCESSO ADMINISTRATIVO E FISCAL<\/strong><br \/>\nDIA 14 de Abril \u00e0s 15h00<br \/>\nNuno Gon\u00e7alves | <em>Advogado <\/em><br \/>\nAndreia Barbosa |<em> Professora de Direito Fiscal na Universidade do Minho<\/em><\/p>\n<p>&nbsp;<\/p>\n<div><b>Este curso \u00e9 gratuito\u00a0 e destina-se exclusivamente a Advogados e Advogados Estagi\u00e1rios.<br \/>\n<\/b><b>Sem limite de inscri\u00e7\u00f5es<\/b><\/div>\n<div>\n<p><strong>Inscri\u00e7\u00f5es<\/strong><br \/>\n<strong>Advogados e Advogados Estagi\u00e1rios do CRLisboa com registo no\u00a0 Moodle<br \/>\n<a href=\"https:\/\/formacao.crlisboa.org\/enrol\/index.php?id=597\" target=\"_blank\" rel=\"noopener\">https:\/\/formacao.crlisboa.org\/enrol\/index.php?id=597<\/a><\/strong><\/p>\n<p>Caso n\u00e3o tenha o registo do Moodle ou perten\u00e7a a outro Conselho Regional inscreva-se no seguinte formul\u00e1rio:<br \/>\n\n<\/div>\n","protected":false},"excerpt":{"rendered":"<p>Curso on line<br \/>\nCurso sobre Direito Processual<br \/>\n17, 24 de fevereiro e 3, 10, 17, 24 de mar\u00e7o, 6,\u00a0 7, 13 e 21 de abril e 5 de maio de 2021 \u00e0s 15h00<\/p>\n","protected":false},"author":2,"featured_media":9234,"comment_status":"closed","ping_status":"closed","sticky":false,"template":"","format":"standard","meta":{"_acf_changed":false,"footnotes":""},"categories":[59],"tags":[],"class_list":["post-10048","post","type-post","status-publish","format-standard","has-post-thumbnail","hentry","category-historico"],"acf":[],"_links":{"self":[{"href":"https:\/\/crlisboa.org\/wp\/wp-json\/wp\/v2\/posts\/10048","targetHints":{"allow":["GET"]}}],"collection":[{"href":"https:\/\/crlisboa.org\/wp\/wp-json\/wp\/v2\/posts"}],"about":[{"href":"https:\/\/crlisboa.org\/wp\/wp-json\/wp\/v2\/types\/post"}],"author":[{"embeddable":true,"href":"https:\/\/crlisboa.org\/wp\/wp-json\/wp\/v2\/users\/2"}],"replies":[{"embeddable":true,"href":"https:\/\/crlisboa.org\/wp\/wp-json\/wp\/v2\/comments?post=10048"}],"version-history":[{"count":4,"href":"https:\/\/crlisboa.org\/wp\/wp-json\/wp\/v2\/posts\/10048\/revisions"}],"predecessor-version":[{"id":10054,"href":"https:\/\/crlisboa.org\/wp\/wp-json\/wp\/v2\/posts\/10048\/revisions\/10054"}],"wp:featuredmedia":[{"embeddable":true,"href":"https:\/\/crlisboa.org\/wp\/wp-json\/wp\/v2\/media\/9234"}],"wp:attachment":[{"href":"https:\/\/crlisboa.org\/wp\/wp-json\/wp\/v2\/media?parent=10048"}],"wp:term":[{"taxonomy":"category","embeddable":true,"href":"https:\/\/crlisboa.org\/wp\/wp-json\/wp\/v2\/categories?post=10048"},{"taxonomy":"post_tag","embeddable":true,"href":"https:\/\/crlisboa.org\/wp\/wp-json\/wp\/v2\/tags?post=10048"}],"curies":[{"name":"wp","href":"https:\/\/api.w.org\/{rel}","templated":true}]}}